{"id":5405,"date":"2019-12-15T20:13:06","date_gmt":"2019-12-15T19:13:06","guid":{"rendered":"https:\/\/cathyzimmermann.eu\/?p=5405"},"modified":"2022-05-25T00:59:01","modified_gmt":"2022-05-24T22:59:01","slug":"35-jahre-strassl-schaider","status":"publish","type":"post","link":"https:\/\/cathyzimmermann.com\/en\/2019\/12\/15\/35-jahre-strassl-schaider\/","title":{"rendered":"35 Jahre STRASSL SCHAIDER!"},"content":{"rendered":"<p>&nbsp;<\/p>\n<p>3 Anl\u00e4sse auf einmal feiern? Kein Problem f\u00fcr Unternehmer und Friseurguru <strong>Peter SCHAIDER<\/strong> und seine Partnerin <strong>Ines FEUTL<\/strong>.<\/p>\n<p>Im Wiener Hotel SAVOYEN kamen 400 G\u00e4ste aus Politik, Wirtschaft &amp; Society zusammen. Es stand einiges am Programm, noch dazu f\u00fcr einen Sonntag. Geb\u00fchrend gefeiert wurden nicht nur das beachtliche <strong>35 j\u00e4hrigen<\/strong> <strong>Firmenjubil\u00e4um<\/strong> <strong>STRASSL<\/strong> <strong>SCHAIDER<\/strong>, sondern auch um die <strong>Weihnachtsfeier<\/strong> und &#8211; nicht zu vergessen &#8211; Peter SCHAIDERS <strong>60<\/strong>. <strong>Geburtstag<\/strong>! Langj\u00e4hrige Wegbegleiter und Freunde hielten ihre Laudatien auf Schaider und \u00fcberreichten Geschenke. Zusammen mit seinem Sohn <strong>Peter<\/strong> <strong>SCHAIDER<\/strong> <strong>JUNIOR<\/strong> zeichnete Schaider die besten aufstrebenden Hairstylisten &amp; Salons im Unternehmen aus. Es regnete Emotionen und Troph\u00e4en.<\/p>\n<p>Unter den G\u00e4sten waren prominente Gesichter wie Dompfarrer <strong>Toni<\/strong> <strong>FABER<\/strong>, Operettens\u00e4ngerin <strong>Birgit<\/strong> <strong>SARATA<\/strong> und viele mehr.<\/p>\n<p>Landeshauptfrau <strong>Johanna<\/strong> <strong>MIKL<\/strong>&#8211;<strong>LEITNER<\/strong> \u00fcberreichte dem geb\u00fcrtigen Heiligeneicher Peter SCHAIDER das <em>gro\u00dfe<\/em> <em>Ehrenzeichen f\u00fcr besondere Verdienste um das Land Nieder\u00f6sterreich.<\/em><\/p>\n<p><strong>Cathy<\/strong> <strong>ZIMMERMANN<\/strong> moderierte den fulminanten Abend!<\/p>","protected":false},"excerpt":{"rendered":"<p>&nbsp; 3 Anl\u00e4sse auf einmal feiern? Kein Problem f\u00fcr Unternehmer und Friseurguru Peter SCHAIDER und seine Partnerin Ines FEUTL. Im Wiener Hotel SAVOYEN kamen 400 G\u00e4ste aus Politik, Wirtschaft &amp; Society zusammen. Es stand einiges am Programm, noch dazu f\u00fcr einen Sonntag. Geb\u00fchrend gefeiert wurden nicht nur das beachtliche 35 j\u00e4hrigen Firmenjubil\u00e4um STRASSL SCHAIDER, sondern &hellip;<\/p>\n<p class=\"read-more\"> <a class=\"\" href=\"https:\/\/cathyzimmermann.com\/en\/2019\/12\/15\/35-jahre-strassl-schaider\/\"> <span class=\"screen-reader-text\">35 Jahre STRASSL SCHAIDER!<\/span> Read More &raquo;<\/a><\/p>","protected":false},"author":2,"featured_media":8036,"comment_status":"open","ping_status":"open","sticky":false,"template":"","format":"standard","meta":{"site-sidebar-layout":"default","site-content-layout":"default","ast-global-header-display":"","ast-main-header-display":"","ast-hfb-above-header-display":"","ast-hfb-below-header-display":"","ast-hfb-mobile-header-display":"","site-post-title":"","ast-breadcrumbs-content":"","ast-featured-img":"","footer-sml-layout":"","theme-transparent-header-meta":"","adv-header-id-meta":"","stick-header-meta":"","header-above-stick-meta":"","header-main-stick-meta":"","header-below-stick-meta":"","footnotes":""},"categories":[1],"tags":[9,39,50,89,96,193,234,264,288,302],"class_list":["post-5405","post","type-post","status-publish","format-standard","has-post-thumbnail","hentry","category-allgemein","tag-35-jahre","tag-birgit-sarata","tag-cathy-zimmermann","tag-firmenjubilaeum","tag-friseur","tag-moderation","tag-peter-schaider","tag-savoyen","tag-strassl-schaider","tag-toni-faber"],"yoast_head":"<!-- This site is optimized with the Yoast SEO plugin v21.5 - https:\/\/yoast.com\/wordpress\/plugins\/seo\/ -->\n<title>35 Jahre STRASSL SCHAIDER! - Cathy Zimmermann<\/title>\n<meta name=\"robots\" content=\"index, follow, max-snippet:-1, max-image-preview:large, max-video-preview:-1\" \/>\n<link rel=\"canonical\" href=\"https:\/\/cathyzimmermann.com\/en\/2019\/12\/15\/35-jahre-strassl-schaider\/\" \/>\n<meta property=\"og:locale\" content=\"en_US\" \/>\n<meta property=\"og:type\" content=\"article\" \/>\n<meta property=\"og:title\" content=\"35 Jahre STRASSL SCHAIDER! - Cathy Zimmermann\" \/>\n<meta property=\"og:description\" content=\"&nbsp; 3 Anl\u00e4sse auf einmal feiern? Kein Problem f\u00fcr Unternehmer und Friseurguru Peter SCHAIDER und seine Partnerin Ines FEUTL. Im Wiener Hotel SAVOYEN kamen 400 G\u00e4ste aus Politik, Wirtschaft &amp; Society zusammen. Es stand einiges am Programm, noch dazu f\u00fcr einen Sonntag. Geb\u00fchrend gefeiert wurden nicht nur das beachtliche 35 j\u00e4hrigen Firmenjubil\u00e4um STRASSL SCHAIDER, sondern &hellip; 35 Jahre STRASSL SCHAIDER! Read More &raquo;\" \/>\n<meta property=\"og:url\" content=\"https:\/\/cathyzimmermann.com\/en\/2019\/12\/15\/35-jahre-strassl-schaider\/\" \/>\n<meta property=\"og:site_name\" content=\"Cathy Zimmermann\" \/>\n<meta property=\"article:published_time\" content=\"2019-12-15T19:13:06+00:00\" \/>\n<meta property=\"article:modified_time\" content=\"2022-05-24T22:59:01+00:00\" \/>\n<meta property=\"og:image\" content=\"https:\/\/cathyzimmermann.com\/wp-content\/uploads\/2019\/12\/Schaider-Strassl-Jubila\u0308um-1.jpeg\" \/>\n\t<meta property=\"og:image:width\" content=\"505\" \/>\n\t<meta property=\"og:image:height\" content=\"356\" \/>\n\t<meta property=\"og:image:type\" content=\"image\/jpeg\" \/>\n<meta name=\"author\" content=\"Cathy Zimmerman\" \/>\n<meta name=\"twitter:card\" content=\"summary_large_image\" \/>\n<meta name=\"twitter:label1\" content=\"Written by\" \/>\n\t<meta name=\"twitter:data1\" content=\"Cathy Zimmerman\" \/>\n\t<meta name=\"twitter:label2\" content=\"Est. reading time\" \/>\n\t<meta name=\"twitter:data2\" content=\"1 minute\" \/>\n<script type=\"application\/ld+json\" class=\"yoast-schema-graph\">{\"@context\":\"https:\/\/schema.org\",\"@graph\":[{\"@type\":\"Article\",\"@id\":\"https:\/\/cathyzimmermann.com\/2019\/12\/15\/35-jahre-strassl-schaider\/#article\",\"isPartOf\":{\"@id\":\"https:\/\/cathyzimmermann.com\/2019\/12\/15\/35-jahre-strassl-schaider\/\"},\"author\":{\"name\":\"Cathy Zimmerman\",\"@id\":\"https:\/\/cathyzimmermann.com\/#\/schema\/person\/5a14243f644f81657363591d95071610\"},\"headline\":\"35 Jahre STRASSL SCHAIDER!\",\"datePublished\":\"2019-12-15T19:13:06+00:00\",\"dateModified\":\"2022-05-24T22:59:01+00:00\",\"mainEntityOfPage\":{\"@id\":\"https:\/\/cathyzimmermann.com\/2019\/12\/15\/35-jahre-strassl-schaider\/\"},\"wordCount\":163,\"commentCount\":0,\"publisher\":{\"@id\":\"https:\/\/cathyzimmermann.com\/#\/schema\/person\/5a14243f644f81657363591d95071610\"},\"keywords\":[\"35 Jahre\",\"Birgit Sarata\",\"Cathy Zimmermann\",\"Firmenjubil\u00e4um\",\"Friseur\",\"Moderation\",\"Peter Schaider\",\"Savoyen\",\"Strassl Schaider\",\"Toni Faber\"],\"articleSection\":[\"Allgemein\"],\"inLanguage\":\"en-US\",\"potentialAction\":[{\"@type\":\"CommentAction\",\"name\":\"Comment\",\"target\":[\"https:\/\/cathyzimmermann.com\/2019\/12\/15\/35-jahre-strassl-schaider\/#respond\"]}]},{\"@type\":\"WebPage\",\"@id\":\"https:\/\/cathyzimmermann.com\/2019\/12\/15\/35-jahre-strassl-schaider\/\",\"url\":\"https:\/\/cathyzimmermann.com\/2019\/12\/15\/35-jahre-strassl-schaider\/\",\"name\":\"35 Jahre STRASSL SCHAIDER! - Cathy Zimmermann\",\"isPartOf\":{\"@id\":\"https:\/\/cathyzimmermann.com\/#website\"},\"datePublished\":\"2019-12-15T19:13:06+00:00\",\"dateModified\":\"2022-05-24T22:59:01+00:00\",\"breadcrumb\":{\"@id\":\"https:\/\/cathyzimmermann.com\/2019\/12\/15\/35-jahre-strassl-schaider\/#breadcrumb\"},\"inLanguage\":\"en-US\",\"potentialAction\":[{\"@type\":\"ReadAction\",\"target\":[\"https:\/\/cathyzimmermann.com\/2019\/12\/15\/35-jahre-strassl-schaider\/\"]}]},{\"@type\":\"BreadcrumbList\",\"@id\":\"https:\/\/cathyzimmermann.com\/2019\/12\/15\/35-jahre-strassl-schaider\/#breadcrumb\",\"itemListElement\":[{\"@type\":\"ListItem\",\"position\":1,\"name\":\"Startseite\",\"item\":\"https:\/\/cathyzimmermann.com\/\"},{\"@type\":\"ListItem\",\"position\":2,\"name\":\"35 Jahre STRASSL SCHAIDER!\"}]},{\"@type\":\"WebSite\",\"@id\":\"https:\/\/cathyzimmermann.com\/#website\",\"url\":\"https:\/\/cathyzimmermann.com\/\",\"name\":\"Cathy Zimmermann\",\"description\":\"\",\"publisher\":{\"@id\":\"https:\/\/cathyzimmermann.com\/#\/schema\/person\/5a14243f644f81657363591d95071610\"},\"potentialAction\":[{\"@type\":\"SearchAction\",\"target\":{\"@type\":\"EntryPoint\",\"urlTemplate\":\"https:\/\/cathyzimmermann.com\/?s={search_term_string}\"},\"query-input\":\"required name=search_term_string\"}],\"inLanguage\":\"en-US\"},{\"@type\":[\"Person\",\"Organization\"],\"@id\":\"https:\/\/cathyzimmermann.com\/#\/schema\/person\/5a14243f644f81657363591d95071610\",\"name\":\"Cathy Zimmerman\",\"image\":{\"@type\":\"ImageObject\",\"inLanguage\":\"en-US\",\"@id\":\"https:\/\/cathyzimmermann.com\/#\/schema\/person\/image\/\",\"url\":\"http:\/\/cathyzimmermann.com\/wp-content\/uploads\/2022\/05\/cropped-CZ-15.png\",\"contentUrl\":\"http:\/\/cathyzimmermann.com\/wp-content\/uploads\/2022\/05\/cropped-CZ-15.png\",\"width\":512,\"height\":512,\"caption\":\"Cathy Zimmerman\"},\"logo\":{\"@id\":\"https:\/\/cathyzimmermann.com\/#\/schema\/person\/image\/\"},\"sameAs\":[\"https:\/\/www.instagram.com\/cathy_zimmermann\/\",\"https:\/\/www.linkedin.com\/in\/cathy-zimmermann\/\"],\"url\":\"https:\/\/cathyzimmermann.com\/en\/author\/cathy\/\"}]}<\/script>\n<!-- \/ Yoast SEO plugin. -->","yoast_head_json":{"title":"35 Jahre STRASSL SCHAIDER! - Cathy Zimmermann","robots":{"index":"index","follow":"follow","max-snippet":"max-snippet:-1","max-image-preview":"max-image-preview:large","max-video-preview":"max-video-preview:-1"},"canonical":"https:\/\/cathyzimmermann.com\/en\/2019\/12\/15\/35-jahre-strassl-schaider\/","og_locale":"en_US","og_type":"article","og_title":"35 Jahre STRASSL SCHAIDER! - Cathy Zimmermann","og_description":"&nbsp; 3 Anl\u00e4sse auf einmal feiern? Kein Problem f\u00fcr Unternehmer und Friseurguru Peter SCHAIDER und seine Partnerin Ines FEUTL. Im Wiener Hotel SAVOYEN kamen 400 G\u00e4ste aus Politik, Wirtschaft &amp; Society zusammen. Es stand einiges am Programm, noch dazu f\u00fcr einen Sonntag. Geb\u00fchrend gefeiert wurden nicht nur das beachtliche 35 j\u00e4hrigen Firmenjubil\u00e4um STRASSL SCHAIDER, sondern &hellip; 35 Jahre STRASSL SCHAIDER! Read More &raquo;","og_url":"https:\/\/cathyzimmermann.com\/en\/2019\/12\/15\/35-jahre-strassl-schaider\/","og_site_name":"Cathy Zimmermann","article_published_time":"2019-12-15T19:13:06+00:00","article_modified_time":"2022-05-24T22:59:01+00:00","og_image":[{"width":505,"height":356,"url":"https:\/\/cathyzimmermann.com\/wp-content\/uploads\/2019\/12\/Schaider-Strassl-Jubila\u0308um-1.jpeg","type":"image\/jpeg"}],"author":"Cathy Zimmerman","twitter_card":"summary_large_image","twitter_misc":{"Written by":"Cathy Zimmerman","Est. reading time":"1 minute"},"schema":{"@context":"https:\/\/schema.org","@graph":[{"@type":"Article","@id":"https:\/\/cathyzimmermann.com\/2019\/12\/15\/35-jahre-strassl-schaider\/#article","isPartOf":{"@id":"https:\/\/cathyzimmermann.com\/2019\/12\/15\/35-jahre-strassl-schaider\/"},"author":{"name":"Cathy Zimmerman","@id":"https:\/\/cathyzimmermann.com\/#\/schema\/person\/5a14243f644f81657363591d95071610"},"headline":"35 Jahre STRASSL SCHAIDER!","datePublished":"2019-12-15T19:13:06+00:00","dateModified":"2022-05-24T22:59:01+00:00","mainEntityOfPage":{"@id":"https:\/\/cathyzimmermann.com\/2019\/12\/15\/35-jahre-strassl-schaider\/"},"wordCount":163,"commentCount":0,"publisher":{"@id":"https:\/\/cathyzimmermann.com\/#\/schema\/person\/5a14243f644f81657363591d95071610"},"keywords":["35 Jahre","Birgit Sarata","Cathy Zimmermann","Firmenjubil\u00e4um","Friseur","Moderation","Peter Schaider","Savoyen","Strassl Schaider","Toni Faber"],"articleSection":["Allgemein"],"inLanguage":"en-US","potentialAction":[{"@type":"CommentAction","name":"Comment","target":["https:\/\/cathyzimmermann.com\/2019\/12\/15\/35-jahre-strassl-schaider\/#respond"]}]},{"@type":"WebPage","@id":"https:\/\/cathyzimmermann.com\/2019\/12\/15\/35-jahre-strassl-schaider\/","url":"https:\/\/cathyzimmermann.com\/2019\/12\/15\/35-jahre-strassl-schaider\/","name":"35 Jahre STRASSL SCHAIDER! - Cathy Zimmermann","isPartOf":{"@id":"https:\/\/cathyzimmermann.com\/#website"},"datePublished":"2019-12-15T19:13:06+00:00","dateModified":"2022-05-24T22:59:01+00:00","breadcrumb":{"@id":"https:\/\/cathyzimmermann.com\/2019\/12\/15\/35-jahre-strassl-schaider\/#breadcrumb"},"inLanguage":"en-US","potentialAction":[{"@type":"ReadAction","target":["https:\/\/cathyzimmermann.com\/2019\/12\/15\/35-jahre-strassl-schaider\/"]}]},{"@type":"BreadcrumbList","@id":"https:\/\/cathyzimmermann.com\/2019\/12\/15\/35-jahre-strassl-schaider\/#breadcrumb","itemListElement":[{"@type":"ListItem","position":1,"name":"Startseite","item":"https:\/\/cathyzimmermann.com\/"},{"@type":"ListItem","position":2,"name":"35 Jahre STRASSL SCHAIDER!"}]},{"@type":"WebSite","@id":"https:\/\/cathyzimmermann.com\/#website","url":"https:\/\/cathyzimmermann.com\/","name":"Cathy Zimmermann","description":"","publisher":{"@id":"https:\/\/cathyzimmermann.com\/#\/schema\/person\/5a14243f644f81657363591d95071610"},"potentialAction":[{"@type":"SearchAction","target":{"@type":"EntryPoint","urlTemplate":"https:\/\/cathyzimmermann.com\/?s={search_term_string}"},"query-input":"required name=search_term_string"}],"inLanguage":"en-US"},{"@type":["Person","Organization"],"@id":"https:\/\/cathyzimmermann.com\/#\/schema\/person\/5a14243f644f81657363591d95071610","name":"Cathy Zimmerman","image":{"@type":"ImageObject","inLanguage":"en-US","@id":"https:\/\/cathyzimmermann.com\/#\/schema\/person\/image\/","url":"http:\/\/cathyzimmermann.com\/wp-content\/uploads\/2022\/05\/cropped-CZ-15.png","contentUrl":"http:\/\/cathyzimmermann.com\/wp-content\/uploads\/2022\/05\/cropped-CZ-15.png","width":512,"height":512,"caption":"Cathy Zimmerman"},"logo":{"@id":"https:\/\/cathyzimmermann.com\/#\/schema\/person\/image\/"},"sameAs":["https:\/\/www.instagram.com\/cathy_zimmermann\/","https:\/\/www.linkedin.com\/in\/cathy-zimmermann\/"],"url":"https:\/\/cathyzimmermann.com\/en\/author\/cathy\/"}]}},"_links":{"self":[{"href":"https:\/\/cathyzimmermann.com\/en\/wp-json\/wp\/v2\/posts\/5405","targetHints":{"allow":["GET"]}}],"collection":[{"href":"https:\/\/cathyzimmermann.com\/en\/wp-json\/wp\/v2\/posts"}],"about":[{"href":"https:\/\/cathyzimmermann.com\/en\/wp-json\/wp\/v2\/types\/post"}],"author":[{"embeddable":true,"href":"https:\/\/cathyzimmermann.com\/en\/wp-json\/wp\/v2\/users\/2"}],"replies":[{"embeddable":true,"href":"https:\/\/cathyzimmermann.com\/en\/wp-json\/wp\/v2\/comments?post=5405"}],"version-history":[{"count":1,"href":"https:\/\/cathyzimmermann.com\/en\/wp-json\/wp\/v2\/posts\/5405\/revisions"}],"predecessor-version":[{"id":7018,"href":"https:\/\/cathyzimmermann.com\/en\/wp-json\/wp\/v2\/posts\/5405\/revisions\/7018"}],"wp:featuredmedia":[{"embeddable":true,"href":"https:\/\/cathyzimmermann.com\/en\/wp-json\/wp\/v2\/media\/8036"}],"wp:attachment":[{"href":"https:\/\/cathyzimmermann.com\/en\/wp-json\/wp\/v2\/media?parent=5405"}],"wp:term":[{"taxonomy":"category","embeddable":true,"href":"https:\/\/cathyzimmermann.com\/en\/wp-json\/wp\/v2\/categories?post=5405"},{"taxonomy":"post_tag","embeddable":true,"href":"https:\/\/cathyzimmermann.com\/en\/wp-json\/wp\/v2\/tags?post=5405"}],"curies":[{"name":"wp","href":"https:\/\/api.w.org\/{rel}","templated":true}]}}