{"id":5188,"date":"2019-09-20T10:16:08","date_gmt":"2019-09-20T08:16:08","guid":{"rendered":"https:\/\/cathyzimmermann.eu\/?p=5188"},"modified":"2022-05-25T01:06:28","modified_gmt":"2022-05-24T23:06:28","slug":"moderation-15-jahre-karasek-wietrzyk-rechtsanwaelte","status":"publish","type":"post","link":"https:\/\/cathyzimmermann.com\/en\/2019\/09\/20\/moderation-15-jahre-karasek-wietrzyk-rechtsanwaelte\/","title":{"rendered":"15 Jahre KARASEK-WIETRZYK Rechtsanw\u00e4lte"},"content":{"rendered":"<p>&nbsp;<\/p>\n<p>Im Wiener Palais Wertheim feierten 400 G\u00e4ste aus Wirtschaft, Kultur und Politik das <strong>15 Jahre<\/strong> <strong>Jubil\u00e4um<\/strong> von <strong>KWR<\/strong>.<\/p>\n<p>Gr\u00fcndungspartner <strong>Dr<\/strong>. <strong>Thomas FRAD<\/strong> und j\u00fcngste Partnerin <strong>Dr<\/strong>. <strong>Anna<\/strong> <strong>MERTINZ<\/strong> gaben spannende Einblicke in die Entstehungsgeschichte der Kanzlei, Buchautor &amp; Historiker <strong>Dr<\/strong>. <strong>Philipp<\/strong> <strong>BLOM<\/strong> referierte \u00fcber die Bedeutung des Klimawandels und der Digitalisierung, Herausgeber &amp; Vorsitzender der Gesch\u00e4ftsf\u00fchrung der VGN Medien Holding <strong>Univ<\/strong>. <strong>Professor<\/strong> <strong>DrDr<\/strong>. <strong>Horst<\/strong> <strong>PIRKER<\/strong> sprach dar\u00fcber, wie digitale Medien Print, Fernsehen und Radio in Zukunft weiter ver\u00e4ndern w\u00fcrden und <strong>Mag<\/strong>. <strong>Christoph<\/strong> <strong>NEUMAYER<\/strong>, Generalsekret\u00e4r der Industriellenvereinigung, erg\u00e4nzte die Themen aus Sicht der Industrie.<\/p>\n<p>Moderiert wurde der Abend von <strong>Cathy ZIMMERMANN<\/strong>.<\/p>\n<p>Fotos Opinion Leaders Network<\/p>\n<p>&nbsp;<\/p>\n<p>&nbsp;<\/p>","protected":false},"excerpt":{"rendered":"<p>&nbsp; Im Wiener Palais Wertheim feierten 400 G\u00e4ste aus Wirtschaft, Kultur und Politik das 15 Jahre Jubil\u00e4um von KWR. Gr\u00fcndungspartner Dr. Thomas FRAD und j\u00fcngste Partnerin Dr. Anna MERTINZ gaben spannende Einblicke in die Entstehungsgeschichte der Kanzlei, Buchautor &amp; Historiker Dr. Philipp BLOM referierte \u00fcber die Bedeutung des Klimawandels und der Digitalisierung, Herausgeber &amp; Vorsitzender &hellip;<\/p>\n<p class=\"read-more\"> <a class=\"\" href=\"https:\/\/cathyzimmermann.com\/en\/2019\/09\/20\/moderation-15-jahre-karasek-wietrzyk-rechtsanwaelte\/\"> <span class=\"screen-reader-text\">15 Jahre KARASEK-WIETRZYK Rechtsanw\u00e4lte<\/span> Read More &raquo;<\/a><\/p>","protected":false},"author":2,"featured_media":8049,"comment_status":"open","ping_status":"open","sticky":false,"template":"","format":"standard","meta":{"site-sidebar-layout":"default","site-content-layout":"default","ast-global-header-display":"","ast-main-header-display":"","ast-hfb-above-header-display":"","ast-hfb-below-header-display":"","ast-hfb-mobile-header-display":"","site-post-title":"","ast-breadcrumbs-content":"","ast-featured-img":"","footer-sml-layout":"","theme-transparent-header-meta":"","adv-header-id-meta":"","stick-header-meta":"","header-above-stick-meta":"","header-main-stick-meta":"","header-below-stick-meta":"","footnotes":""},"categories":[1],"tags":[41,50,92,141,154,181,207,224,236,256],"class_list":["post-5188","post","type-post","status-publish","format-standard","has-post-thumbnail","hentry","category-allgemein","tag-blom","tag-cathy-zimmermann","tag-frad","tag-karasek-wietrzyk","tag-kwr","tag-mertinz","tag-neumayer","tag-palais-wertheim","tag-pirker","tag-rechtsanwaelte"],"yoast_head":"<!-- This site is optimized with the Yoast SEO plugin v21.5 - https:\/\/yoast.com\/wordpress\/plugins\/seo\/ -->\n<title>15 Jahre KARASEK-WIETRZYK Rechtsanw\u00e4lte - Cathy Zimmermann<\/title>\n<meta name=\"robots\" content=\"index, follow, max-snippet:-1, max-image-preview:large, max-video-preview:-1\" \/>\n<link rel=\"canonical\" href=\"https:\/\/cathyzimmermann.com\/en\/2019\/09\/20\/moderation-15-jahre-karasek-wietrzyk-rechtsanwaelte\/\" \/>\n<meta property=\"og:locale\" content=\"en_US\" \/>\n<meta property=\"og:type\" content=\"article\" \/>\n<meta property=\"og:title\" content=\"15 Jahre KARASEK-WIETRZYK Rechtsanw\u00e4lte - Cathy Zimmermann\" \/>\n<meta property=\"og:description\" content=\"&nbsp; Im Wiener Palais Wertheim feierten 400 G\u00e4ste aus Wirtschaft, Kultur und Politik das 15 Jahre Jubil\u00e4um von KWR. Gr\u00fcndungspartner Dr. Thomas FRAD und j\u00fcngste Partnerin Dr. Anna MERTINZ gaben spannende Einblicke in die Entstehungsgeschichte der Kanzlei, Buchautor &amp; Historiker Dr. Philipp BLOM referierte \u00fcber die Bedeutung des Klimawandels und der Digitalisierung, Herausgeber &amp; Vorsitzender &hellip; 15 Jahre KARASEK-WIETRZYK Rechtsanw\u00e4lte Read More &raquo;\" \/>\n<meta property=\"og:url\" content=\"https:\/\/cathyzimmermann.com\/en\/2019\/09\/20\/moderation-15-jahre-karasek-wietrzyk-rechtsanwaelte\/\" \/>\n<meta property=\"og:site_name\" content=\"Cathy Zimmermann\" \/>\n<meta property=\"article:published_time\" content=\"2019-09-20T08:16:08+00:00\" \/>\n<meta property=\"article:modified_time\" content=\"2022-05-24T23:06:28+00:00\" \/>\n<meta property=\"og:image\" content=\"https:\/\/cathyzimmermann.com\/wp-content\/uploads\/2019\/09\/KWR-1.png\" \/>\n\t<meta property=\"og:image:width\" content=\"894\" \/>\n\t<meta property=\"og:image:height\" content=\"705\" \/>\n\t<meta property=\"og:image:type\" content=\"image\/png\" \/>\n<meta name=\"author\" content=\"Cathy Zimmerman\" \/>\n<meta name=\"twitter:card\" content=\"summary_large_image\" \/>\n<meta name=\"twitter:label1\" content=\"Written by\" \/>\n\t<meta name=\"twitter:data1\" content=\"Cathy Zimmerman\" \/>\n\t<meta name=\"twitter:label2\" content=\"Est. reading time\" \/>\n\t<meta name=\"twitter:data2\" content=\"1 minute\" \/>\n<script type=\"application\/ld+json\" class=\"yoast-schema-graph\">{\"@context\":\"https:\/\/schema.org\",\"@graph\":[{\"@type\":\"Article\",\"@id\":\"https:\/\/cathyzimmermann.com\/en\/2019\/09\/20\/moderation-15-jahre-karasek-wietrzyk-rechtsanwaelte\/#article\",\"isPartOf\":{\"@id\":\"https:\/\/cathyzimmermann.com\/en\/2019\/09\/20\/moderation-15-jahre-karasek-wietrzyk-rechtsanwaelte\/\"},\"author\":{\"name\":\"Cathy Zimmerman\",\"@id\":\"https:\/\/cathyzimmermann.com\/#\/schema\/person\/5a14243f644f81657363591d95071610\"},\"headline\":\"15 Jahre KARASEK-WIETRZYK Rechtsanw\u00e4lte\",\"datePublished\":\"2019-09-20T08:16:08+00:00\",\"dateModified\":\"2022-05-24T23:06:28+00:00\",\"mainEntityOfPage\":{\"@id\":\"https:\/\/cathyzimmermann.com\/en\/2019\/09\/20\/moderation-15-jahre-karasek-wietrzyk-rechtsanwaelte\/\"},\"wordCount\":124,\"commentCount\":0,\"publisher\":{\"@id\":\"https:\/\/cathyzimmermann.com\/#\/schema\/person\/5a14243f644f81657363591d95071610\"},\"keywords\":[\"Blom\",\"Cathy Zimmermann\",\"Frad\",\"Karasek Wietrzyk\",\"KWR\",\"Mertinz\",\"Neumayer\",\"Palais Wertheim\",\"Pirker\",\"Rechtsanw\u00e4lte\"],\"articleSection\":[\"Allgemein\"],\"inLanguage\":\"en-US\",\"potentialAction\":[{\"@type\":\"CommentAction\",\"name\":\"Comment\",\"target\":[\"https:\/\/cathyzimmermann.com\/en\/2019\/09\/20\/moderation-15-jahre-karasek-wietrzyk-rechtsanwaelte\/#respond\"]}]},{\"@type\":\"WebPage\",\"@id\":\"https:\/\/cathyzimmermann.com\/en\/2019\/09\/20\/moderation-15-jahre-karasek-wietrzyk-rechtsanwaelte\/\",\"url\":\"https:\/\/cathyzimmermann.com\/en\/2019\/09\/20\/moderation-15-jahre-karasek-wietrzyk-rechtsanwaelte\/\",\"name\":\"15 Jahre KARASEK-WIETRZYK Rechtsanw\u00e4lte - Cathy Zimmermann\",\"isPartOf\":{\"@id\":\"https:\/\/cathyzimmermann.com\/#website\"},\"datePublished\":\"2019-09-20T08:16:08+00:00\",\"dateModified\":\"2022-05-24T23:06:28+00:00\",\"breadcrumb\":{\"@id\":\"https:\/\/cathyzimmermann.com\/en\/2019\/09\/20\/moderation-15-jahre-karasek-wietrzyk-rechtsanwaelte\/#breadcrumb\"},\"inLanguage\":\"en-US\",\"potentialAction\":[{\"@type\":\"ReadAction\",\"target\":[\"https:\/\/cathyzimmermann.com\/en\/2019\/09\/20\/moderation-15-jahre-karasek-wietrzyk-rechtsanwaelte\/\"]}]},{\"@type\":\"BreadcrumbList\",\"@id\":\"https:\/\/cathyzimmermann.com\/en\/2019\/09\/20\/moderation-15-jahre-karasek-wietrzyk-rechtsanwaelte\/#breadcrumb\",\"itemListElement\":[{\"@type\":\"ListItem\",\"position\":1,\"name\":\"Startseite\",\"item\":\"https:\/\/cathyzimmermann.com\/\"},{\"@type\":\"ListItem\",\"position\":2,\"name\":\"15 Jahre KARASEK-WIETRZYK Rechtsanw\u00e4lte\"}]},{\"@type\":\"WebSite\",\"@id\":\"https:\/\/cathyzimmermann.com\/#website\",\"url\":\"https:\/\/cathyzimmermann.com\/\",\"name\":\"Cathy Zimmermann\",\"description\":\"\",\"publisher\":{\"@id\":\"https:\/\/cathyzimmermann.com\/#\/schema\/person\/5a14243f644f81657363591d95071610\"},\"potentialAction\":[{\"@type\":\"SearchAction\",\"target\":{\"@type\":\"EntryPoint\",\"urlTemplate\":\"https:\/\/cathyzimmermann.com\/?s={search_term_string}\"},\"query-input\":\"required name=search_term_string\"}],\"inLanguage\":\"en-US\"},{\"@type\":[\"Person\",\"Organization\"],\"@id\":\"https:\/\/cathyzimmermann.com\/#\/schema\/person\/5a14243f644f81657363591d95071610\",\"name\":\"Cathy Zimmerman\",\"image\":{\"@type\":\"ImageObject\",\"inLanguage\":\"en-US\",\"@id\":\"https:\/\/cathyzimmermann.com\/#\/schema\/person\/image\/\",\"url\":\"http:\/\/cathyzimmermann.com\/wp-content\/uploads\/2022\/05\/cropped-CZ-15.png\",\"contentUrl\":\"http:\/\/cathyzimmermann.com\/wp-content\/uploads\/2022\/05\/cropped-CZ-15.png\",\"width\":512,\"height\":512,\"caption\":\"Cathy Zimmerman\"},\"logo\":{\"@id\":\"https:\/\/cathyzimmermann.com\/#\/schema\/person\/image\/\"},\"sameAs\":[\"https:\/\/www.instagram.com\/cathy_zimmermann\/\",\"https:\/\/www.linkedin.com\/in\/cathy-zimmermann\/\"],\"url\":\"https:\/\/cathyzimmermann.com\/en\/author\/cathy\/\"}]}<\/script>\n<!-- \/ Yoast SEO plugin. -->","yoast_head_json":{"title":"15 Jahre KARASEK-WIETRZYK Rechtsanw\u00e4lte - Cathy Zimmermann","robots":{"index":"index","follow":"follow","max-snippet":"max-snippet:-1","max-image-preview":"max-image-preview:large","max-video-preview":"max-video-preview:-1"},"canonical":"https:\/\/cathyzimmermann.com\/en\/2019\/09\/20\/moderation-15-jahre-karasek-wietrzyk-rechtsanwaelte\/","og_locale":"en_US","og_type":"article","og_title":"15 Jahre KARASEK-WIETRZYK Rechtsanw\u00e4lte - Cathy Zimmermann","og_description":"&nbsp; Im Wiener Palais Wertheim feierten 400 G\u00e4ste aus Wirtschaft, Kultur und Politik das 15 Jahre Jubil\u00e4um von KWR. Gr\u00fcndungspartner Dr. Thomas FRAD und j\u00fcngste Partnerin Dr. Anna MERTINZ gaben spannende Einblicke in die Entstehungsgeschichte der Kanzlei, Buchautor &amp; Historiker Dr. Philipp BLOM referierte \u00fcber die Bedeutung des Klimawandels und der Digitalisierung, Herausgeber &amp; Vorsitzender &hellip; 15 Jahre KARASEK-WIETRZYK Rechtsanw\u00e4lte Read More &raquo;","og_url":"https:\/\/cathyzimmermann.com\/en\/2019\/09\/20\/moderation-15-jahre-karasek-wietrzyk-rechtsanwaelte\/","og_site_name":"Cathy Zimmermann","article_published_time":"2019-09-20T08:16:08+00:00","article_modified_time":"2022-05-24T23:06:28+00:00","og_image":[{"width":894,"height":705,"url":"https:\/\/cathyzimmermann.com\/wp-content\/uploads\/2019\/09\/KWR-1.png","type":"image\/png"}],"author":"Cathy Zimmerman","twitter_card":"summary_large_image","twitter_misc":{"Written by":"Cathy Zimmerman","Est. reading time":"1 minute"},"schema":{"@context":"https:\/\/schema.org","@graph":[{"@type":"Article","@id":"https:\/\/cathyzimmermann.com\/en\/2019\/09\/20\/moderation-15-jahre-karasek-wietrzyk-rechtsanwaelte\/#article","isPartOf":{"@id":"https:\/\/cathyzimmermann.com\/en\/2019\/09\/20\/moderation-15-jahre-karasek-wietrzyk-rechtsanwaelte\/"},"author":{"name":"Cathy Zimmerman","@id":"https:\/\/cathyzimmermann.com\/#\/schema\/person\/5a14243f644f81657363591d95071610"},"headline":"15 Jahre KARASEK-WIETRZYK Rechtsanw\u00e4lte","datePublished":"2019-09-20T08:16:08+00:00","dateModified":"2022-05-24T23:06:28+00:00","mainEntityOfPage":{"@id":"https:\/\/cathyzimmermann.com\/en\/2019\/09\/20\/moderation-15-jahre-karasek-wietrzyk-rechtsanwaelte\/"},"wordCount":124,"commentCount":0,"publisher":{"@id":"https:\/\/cathyzimmermann.com\/#\/schema\/person\/5a14243f644f81657363591d95071610"},"keywords":["Blom","Cathy Zimmermann","Frad","Karasek Wietrzyk","KWR","Mertinz","Neumayer","Palais Wertheim","Pirker","Rechtsanw\u00e4lte"],"articleSection":["Allgemein"],"inLanguage":"en-US","potentialAction":[{"@type":"CommentAction","name":"Comment","target":["https:\/\/cathyzimmermann.com\/en\/2019\/09\/20\/moderation-15-jahre-karasek-wietrzyk-rechtsanwaelte\/#respond"]}]},{"@type":"WebPage","@id":"https:\/\/cathyzimmermann.com\/en\/2019\/09\/20\/moderation-15-jahre-karasek-wietrzyk-rechtsanwaelte\/","url":"https:\/\/cathyzimmermann.com\/en\/2019\/09\/20\/moderation-15-jahre-karasek-wietrzyk-rechtsanwaelte\/","name":"15 Jahre KARASEK-WIETRZYK Rechtsanw\u00e4lte - Cathy Zimmermann","isPartOf":{"@id":"https:\/\/cathyzimmermann.com\/#website"},"datePublished":"2019-09-20T08:16:08+00:00","dateModified":"2022-05-24T23:06:28+00:00","breadcrumb":{"@id":"https:\/\/cathyzimmermann.com\/en\/2019\/09\/20\/moderation-15-jahre-karasek-wietrzyk-rechtsanwaelte\/#breadcrumb"},"inLanguage":"en-US","potentialAction":[{"@type":"ReadAction","target":["https:\/\/cathyzimmermann.com\/en\/2019\/09\/20\/moderation-15-jahre-karasek-wietrzyk-rechtsanwaelte\/"]}]},{"@type":"BreadcrumbList","@id":"https:\/\/cathyzimmermann.com\/en\/2019\/09\/20\/moderation-15-jahre-karasek-wietrzyk-rechtsanwaelte\/#breadcrumb","itemListElement":[{"@type":"ListItem","position":1,"name":"Startseite","item":"https:\/\/cathyzimmermann.com\/"},{"@type":"ListItem","position":2,"name":"15 Jahre KARASEK-WIETRZYK Rechtsanw\u00e4lte"}]},{"@type":"WebSite","@id":"https:\/\/cathyzimmermann.com\/#website","url":"https:\/\/cathyzimmermann.com\/","name":"Cathy Zimmermann","description":"","publisher":{"@id":"https:\/\/cathyzimmermann.com\/#\/schema\/person\/5a14243f644f81657363591d95071610"},"potentialAction":[{"@type":"SearchAction","target":{"@type":"EntryPoint","urlTemplate":"https:\/\/cathyzimmermann.com\/?s={search_term_string}"},"query-input":"required name=search_term_string"}],"inLanguage":"en-US"},{"@type":["Person","Organization"],"@id":"https:\/\/cathyzimmermann.com\/#\/schema\/person\/5a14243f644f81657363591d95071610","name":"Cathy Zimmerman","image":{"@type":"ImageObject","inLanguage":"en-US","@id":"https:\/\/cathyzimmermann.com\/#\/schema\/person\/image\/","url":"http:\/\/cathyzimmermann.com\/wp-content\/uploads\/2022\/05\/cropped-CZ-15.png","contentUrl":"http:\/\/cathyzimmermann.com\/wp-content\/uploads\/2022\/05\/cropped-CZ-15.png","width":512,"height":512,"caption":"Cathy Zimmerman"},"logo":{"@id":"https:\/\/cathyzimmermann.com\/#\/schema\/person\/image\/"},"sameAs":["https:\/\/www.instagram.com\/cathy_zimmermann\/","https:\/\/www.linkedin.com\/in\/cathy-zimmermann\/"],"url":"https:\/\/cathyzimmermann.com\/en\/author\/cathy\/"}]}},"_links":{"self":[{"href":"https:\/\/cathyzimmermann.com\/en\/wp-json\/wp\/v2\/posts\/5188","targetHints":{"allow":["GET"]}}],"collection":[{"href":"https:\/\/cathyzimmermann.com\/en\/wp-json\/wp\/v2\/posts"}],"about":[{"href":"https:\/\/cathyzimmermann.com\/en\/wp-json\/wp\/v2\/types\/post"}],"author":[{"embeddable":true,"href":"https:\/\/cathyzimmermann.com\/en\/wp-json\/wp\/v2\/users\/2"}],"replies":[{"embeddable":true,"href":"https:\/\/cathyzimmermann.com\/en\/wp-json\/wp\/v2\/comments?post=5188"}],"version-history":[{"count":1,"href":"https:\/\/cathyzimmermann.com\/en\/wp-json\/wp\/v2\/posts\/5188\/revisions"}],"predecessor-version":[{"id":7026,"href":"https:\/\/cathyzimmermann.com\/en\/wp-json\/wp\/v2\/posts\/5188\/revisions\/7026"}],"wp:featuredmedia":[{"embeddable":true,"href":"https:\/\/cathyzimmermann.com\/en\/wp-json\/wp\/v2\/media\/8049"}],"wp:attachment":[{"href":"https:\/\/cathyzimmermann.com\/en\/wp-json\/wp\/v2\/media?parent=5188"}],"wp:term":[{"taxonomy":"category","embeddable":true,"href":"https:\/\/cathyzimmermann.com\/en\/wp-json\/wp\/v2\/categories?post=5188"},{"taxonomy":"post_tag","embeddable":true,"href":"https:\/\/cathyzimmermann.com\/en\/wp-json\/wp\/v2\/tags?post=5188"}],"curies":[{"name":"wp","href":"https:\/\/api.w.org\/{rel}","templated":true}]}}