{"id":5027,"date":"2019-04-19T18:32:25","date_gmt":"2019-04-19T16:32:25","guid":{"rendered":"http:\/\/cathyzimmermann.eu\/?p=5027"},"modified":"2022-05-25T01:15:57","modified_gmt":"2022-05-24T23:15:57","slug":"moderation-des-ersten-varena-fruehlingsballs","status":"publish","type":"post","link":"https:\/\/cathyzimmermann.com\/en\/2019\/04\/19\/moderation-des-ersten-varena-fruehlingsballs\/","title":{"rendered":"Moderation des ersten VARENA Fr\u00fchlingsballs"},"content":{"rendered":"<p>&nbsp;<\/p>\n\n<p>&nbsp;<\/p>\n<p><span style=\"display: inline !important; float: none; background-color: transparent; color: #333333; cursor: text; font-family: Georgia,'Times New Roman','Bitstream Charter',Times,serif; font-size: 16px; font-style: normal; font-variant: normal; font-weight: 400; letter-spacing: normal; orphans: 2; text-align: left; text-decoration: none; text-indent: 0px; text-transform: none; -webkit-text-stroke-width: 0px; white-space: normal; word-spacing: 0px;\">In V\u00f6cklabruck, Ober\u00f6sterreich, fand der erste <\/span><strong>VARENA Fr\u00fchlingsball<\/strong><span style=\"display: inline !important; float: none; background-color: transparent; color: #333333; cursor: text; font-family: Georgia,'Times New Roman','Bitstream Charter',Times,serif; font-size: 16px; font-style: normal; font-variant: normal; font-weight: 400; letter-spacing: normal; orphans: 2; text-align: left; text-decoration: none; text-indent: 0px; text-transform: none; -webkit-text-stroke-width: 0px; white-space: normal; word-spacing: 0px;\"> statt, der sch\u00f6ner nicht h\u00e4tte starten k\u00f6nnen. Mit den Worten &#8222;Alles Cha Cha&#8220; er\u00f6ffnete Moderatorin Cathy <\/span><strong>ZIMMERMANN<\/strong><span style=\"display: inline !important; float: none; background-color: transparent; color: #333333; cursor: text; font-family: Georgia,'Times New Roman','Bitstream Charter',Times,serif; font-size: 16px; font-style: normal; font-variant: normal; font-weight: 400; letter-spacing: normal; orphans: 2; text-align: left; text-decoration: none; text-indent: 0px; text-transform: none; -webkit-text-stroke-width: 0px; white-space: normal; word-spacing: 0px;\"> eine wunderbare Ballnacht an einem au\u00dfergew\u00f6hnlichen Ort<\/span>, die 1500 G\u00e4ste verzauberte.<\/p>\n<p>Das Programm konnte sich sehen lassen. Die Live-Musik kam vom <strong>ORF<\/strong> <strong>Stars<\/strong> <strong>Orchester<\/strong> unter der k\u00fcnstlerischen Leitung von Thomas <strong>RABITSCH<\/strong>, dirigiert von Herbert <strong>PICHLER<\/strong>. Dancing Stars Fans kamen voll auf ihre Kosten! Als Ball-DJ machte \u00d63 Star Eberhard <strong>FORCHER<\/strong> seinem Namen alle Ehre. Veranstaltet wurde der &#8222;Mall-Dance&#8220; von der Tanzschule <strong>SANTNER<\/strong>, die sich auch f\u00fcr die heurige Opernball Er\u00f6ffnungschoreographie verantwortlich zeigte.<\/p>\n<p>VARENA Center-Manager Thomas <strong>KR\u00d6TZL<\/strong> zeigte sich begeistert ob des gro\u00dfen Ansturms und Erfolgs! &#8222;Es werde mit Sicherheit einen zweiten VARENA Fr\u00fchlingsball 2020 geben&#8220;, so Kr\u00f6tzl.<\/p>\n<p>Cathy Zimmermann wurde von der ukrainischen Modedesignerin Anna <strong>ETTER<\/strong> ausgestattet.<\/p>","protected":false},"excerpt":{"rendered":"<p>&nbsp; &nbsp; In V\u00f6cklabruck, Ober\u00f6sterreich, fand der erste VARENA Fr\u00fchlingsball statt, der sch\u00f6ner nicht h\u00e4tte starten k\u00f6nnen. Mit den Worten &#8222;Alles Cha Cha&#8220; er\u00f6ffnete Moderatorin Cathy ZIMMERMANN eine wunderbare Ballnacht an einem au\u00dfergew\u00f6hnlichen Ort, die 1500 G\u00e4ste verzauberte. Das Programm konnte sich sehen lassen. Die Live-Musik kam vom ORF Stars Orchester unter der k\u00fcnstlerischen Leitung &hellip;<\/p>\n<p class=\"read-more\"> <a class=\"\" href=\"https:\/\/cathyzimmermann.com\/en\/2019\/04\/19\/moderation-des-ersten-varena-fruehlingsballs\/\"> <span class=\"screen-reader-text\">Moderation des ersten VARENA Fr\u00fchlingsballs<\/span> Read More &raquo;<\/a><\/p>","protected":false},"author":2,"featured_media":8063,"comment_status":"open","ping_status":"open","sticky":false,"template":"","format":"standard","meta":{"site-sidebar-layout":"default","site-content-layout":"default","ast-global-header-display":"","ast-main-header-display":"","ast-hfb-above-header-display":"","ast-hfb-below-header-display":"","ast-hfb-mobile-header-display":"","site-post-title":"","ast-breadcrumbs-content":"","ast-featured-img":"","footer-sml-layout":"","theme-transparent-header-meta":"","adv-header-id-meta":"","stick-header-meta":"","header-above-stick-meta":"","header-main-stick-meta":"","header-below-stick-meta":"","footnotes":""},"categories":[1],"tags":[16,50,62,73,115,193,220,291,296,312,313,319],"class_list":["post-5027","post","type-post","status-publish","format-standard","has-post-thumbnail","hentry","category-allgemein","tag-anna-etter","tag-cathy-zimmermann","tag-dancing-stars","tag-eberhard-forcher","tag-herbert-pichler","tag-moderation","tag-orf-stars","tag-tanzen","tag-thomas-rabitsch","tag-varena","tag-varena-fruehlingsball","tag-voecklabruck"],"yoast_head":"<!-- This site is optimized with the Yoast SEO plugin v21.5 - https:\/\/yoast.com\/wordpress\/plugins\/seo\/ -->\n<title>Moderation des ersten VARENA Fr\u00fchlingsballs - Cathy Zimmermann<\/title>\n<meta name=\"robots\" content=\"index, follow, max-snippet:-1, max-image-preview:large, max-video-preview:-1\" \/>\n<link rel=\"canonical\" href=\"https:\/\/cathyzimmermann.com\/en\/2019\/04\/19\/moderation-des-ersten-varena-fruehlingsballs\/\" \/>\n<meta property=\"og:locale\" content=\"en_US\" \/>\n<meta property=\"og:type\" content=\"article\" \/>\n<meta property=\"og:title\" content=\"Moderation des ersten VARENA Fr\u00fchlingsballs - Cathy Zimmermann\" \/>\n<meta property=\"og:description\" content=\"&nbsp; &nbsp; In V\u00f6cklabruck, Ober\u00f6sterreich, fand der erste VARENA Fr\u00fchlingsball statt, der sch\u00f6ner nicht h\u00e4tte starten k\u00f6nnen. Mit den Worten &#8222;Alles Cha Cha&#8220; er\u00f6ffnete Moderatorin Cathy ZIMMERMANN eine wunderbare Ballnacht an einem au\u00dfergew\u00f6hnlichen Ort, die 1500 G\u00e4ste verzauberte. Das Programm konnte sich sehen lassen. Die Live-Musik kam vom ORF Stars Orchester unter der k\u00fcnstlerischen Leitung &hellip; Moderation des ersten VARENA Fr\u00fchlingsballs Read More &raquo;\" \/>\n<meta property=\"og:url\" content=\"https:\/\/cathyzimmermann.com\/en\/2019\/04\/19\/moderation-des-ersten-varena-fruehlingsballs\/\" \/>\n<meta property=\"og:site_name\" content=\"Cathy Zimmermann\" \/>\n<meta property=\"article:published_time\" content=\"2019-04-19T16:32:25+00:00\" \/>\n<meta property=\"article:modified_time\" content=\"2022-05-24T23:15:57+00:00\" \/>\n<meta property=\"og:image\" content=\"https:\/\/cathyzimmermann.com\/wp-content\/uploads\/2019\/04\/Varena-1-schmal.jpeg\" \/>\n\t<meta property=\"og:image:width\" content=\"638\" \/>\n\t<meta property=\"og:image:height\" content=\"386\" \/>\n\t<meta property=\"og:image:type\" content=\"image\/jpeg\" \/>\n<meta name=\"author\" content=\"Cathy Zimmerman\" \/>\n<meta name=\"twitter:card\" content=\"summary_large_image\" \/>\n<meta name=\"twitter:label1\" content=\"Written by\" \/>\n\t<meta name=\"twitter:data1\" content=\"Cathy Zimmerman\" \/>\n\t<meta name=\"twitter:label2\" content=\"Est. reading time\" \/>\n\t<meta name=\"twitter:data2\" content=\"1 minute\" \/>\n<script type=\"application\/ld+json\" class=\"yoast-schema-graph\">{\"@context\":\"https:\/\/schema.org\",\"@graph\":[{\"@type\":\"Article\",\"@id\":\"https:\/\/cathyzimmermann.com\/en\/2019\/04\/19\/moderation-des-ersten-varena-fruehlingsballs\/#article\",\"isPartOf\":{\"@id\":\"https:\/\/cathyzimmermann.com\/en\/2019\/04\/19\/moderation-des-ersten-varena-fruehlingsballs\/\"},\"author\":{\"name\":\"Cathy Zimmerman\",\"@id\":\"https:\/\/cathyzimmermann.com\/#\/schema\/person\/5a14243f644f81657363591d95071610\"},\"headline\":\"Moderation des ersten VARENA Fr\u00fchlingsballs\",\"datePublished\":\"2019-04-19T16:32:25+00:00\",\"dateModified\":\"2022-05-24T23:15:57+00:00\",\"mainEntityOfPage\":{\"@id\":\"https:\/\/cathyzimmermann.com\/en\/2019\/04\/19\/moderation-des-ersten-varena-fruehlingsballs\/\"},\"wordCount\":158,\"commentCount\":0,\"publisher\":{\"@id\":\"https:\/\/cathyzimmermann.com\/#\/schema\/person\/5a14243f644f81657363591d95071610\"},\"keywords\":[\"Anna Etter\",\"Cathy Zimmermann\",\"Dancing Stars\",\"Eberhard Forcher\",\"Herbert Pichler\",\"Moderation\",\"ORF Stars\",\"Tanzen\",\"Thomas Rabitsch\",\"Varena\",\"Varena Fr\u00fchlingsball\",\"V\u00f6cklabruck\"],\"articleSection\":[\"Allgemein\"],\"inLanguage\":\"en-US\",\"potentialAction\":[{\"@type\":\"CommentAction\",\"name\":\"Comment\",\"target\":[\"https:\/\/cathyzimmermann.com\/en\/2019\/04\/19\/moderation-des-ersten-varena-fruehlingsballs\/#respond\"]}]},{\"@type\":\"WebPage\",\"@id\":\"https:\/\/cathyzimmermann.com\/en\/2019\/04\/19\/moderation-des-ersten-varena-fruehlingsballs\/\",\"url\":\"https:\/\/cathyzimmermann.com\/en\/2019\/04\/19\/moderation-des-ersten-varena-fruehlingsballs\/\",\"name\":\"Moderation des ersten VARENA Fr\u00fchlingsballs - Cathy Zimmermann\",\"isPartOf\":{\"@id\":\"https:\/\/cathyzimmermann.com\/#website\"},\"datePublished\":\"2019-04-19T16:32:25+00:00\",\"dateModified\":\"2022-05-24T23:15:57+00:00\",\"breadcrumb\":{\"@id\":\"https:\/\/cathyzimmermann.com\/en\/2019\/04\/19\/moderation-des-ersten-varena-fruehlingsballs\/#breadcrumb\"},\"inLanguage\":\"en-US\",\"potentialAction\":[{\"@type\":\"ReadAction\",\"target\":[\"https:\/\/cathyzimmermann.com\/en\/2019\/04\/19\/moderation-des-ersten-varena-fruehlingsballs\/\"]}]},{\"@type\":\"BreadcrumbList\",\"@id\":\"https:\/\/cathyzimmermann.com\/en\/2019\/04\/19\/moderation-des-ersten-varena-fruehlingsballs\/#breadcrumb\",\"itemListElement\":[{\"@type\":\"ListItem\",\"position\":1,\"name\":\"Startseite\",\"item\":\"https:\/\/cathyzimmermann.com\/\"},{\"@type\":\"ListItem\",\"position\":2,\"name\":\"Moderation des ersten VARENA Fr\u00fchlingsballs\"}]},{\"@type\":\"WebSite\",\"@id\":\"https:\/\/cathyzimmermann.com\/#website\",\"url\":\"https:\/\/cathyzimmermann.com\/\",\"name\":\"Cathy Zimmermann\",\"description\":\"\",\"publisher\":{\"@id\":\"https:\/\/cathyzimmermann.com\/#\/schema\/person\/5a14243f644f81657363591d95071610\"},\"potentialAction\":[{\"@type\":\"SearchAction\",\"target\":{\"@type\":\"EntryPoint\",\"urlTemplate\":\"https:\/\/cathyzimmermann.com\/?s={search_term_string}\"},\"query-input\":\"required name=search_term_string\"}],\"inLanguage\":\"en-US\"},{\"@type\":[\"Person\",\"Organization\"],\"@id\":\"https:\/\/cathyzimmermann.com\/#\/schema\/person\/5a14243f644f81657363591d95071610\",\"name\":\"Cathy Zimmerman\",\"image\":{\"@type\":\"ImageObject\",\"inLanguage\":\"en-US\",\"@id\":\"https:\/\/cathyzimmermann.com\/#\/schema\/person\/image\/\",\"url\":\"http:\/\/cathyzimmermann.com\/wp-content\/uploads\/2022\/05\/cropped-CZ-15.png\",\"contentUrl\":\"http:\/\/cathyzimmermann.com\/wp-content\/uploads\/2022\/05\/cropped-CZ-15.png\",\"width\":512,\"height\":512,\"caption\":\"Cathy Zimmerman\"},\"logo\":{\"@id\":\"https:\/\/cathyzimmermann.com\/#\/schema\/person\/image\/\"},\"sameAs\":[\"https:\/\/www.instagram.com\/cathy_zimmermann\/\",\"https:\/\/www.linkedin.com\/in\/cathy-zimmermann\/\"],\"url\":\"https:\/\/cathyzimmermann.com\/en\/author\/cathy\/\"}]}<\/script>\n<!-- \/ Yoast SEO plugin. -->","yoast_head_json":{"title":"Moderation des ersten VARENA Fr\u00fchlingsballs - Cathy Zimmermann","robots":{"index":"index","follow":"follow","max-snippet":"max-snippet:-1","max-image-preview":"max-image-preview:large","max-video-preview":"max-video-preview:-1"},"canonical":"https:\/\/cathyzimmermann.com\/en\/2019\/04\/19\/moderation-des-ersten-varena-fruehlingsballs\/","og_locale":"en_US","og_type":"article","og_title":"Moderation des ersten VARENA Fr\u00fchlingsballs - Cathy Zimmermann","og_description":"&nbsp; &nbsp; In V\u00f6cklabruck, Ober\u00f6sterreich, fand der erste VARENA Fr\u00fchlingsball statt, der sch\u00f6ner nicht h\u00e4tte starten k\u00f6nnen. Mit den Worten &#8222;Alles Cha Cha&#8220; er\u00f6ffnete Moderatorin Cathy ZIMMERMANN eine wunderbare Ballnacht an einem au\u00dfergew\u00f6hnlichen Ort, die 1500 G\u00e4ste verzauberte. Das Programm konnte sich sehen lassen. Die Live-Musik kam vom ORF Stars Orchester unter der k\u00fcnstlerischen Leitung &hellip; Moderation des ersten VARENA Fr\u00fchlingsballs Read More &raquo;","og_url":"https:\/\/cathyzimmermann.com\/en\/2019\/04\/19\/moderation-des-ersten-varena-fruehlingsballs\/","og_site_name":"Cathy Zimmermann","article_published_time":"2019-04-19T16:32:25+00:00","article_modified_time":"2022-05-24T23:15:57+00:00","og_image":[{"width":638,"height":386,"url":"https:\/\/cathyzimmermann.com\/wp-content\/uploads\/2019\/04\/Varena-1-schmal.jpeg","type":"image\/jpeg"}],"author":"Cathy Zimmerman","twitter_card":"summary_large_image","twitter_misc":{"Written by":"Cathy Zimmerman","Est. reading time":"1 minute"},"schema":{"@context":"https:\/\/schema.org","@graph":[{"@type":"Article","@id":"https:\/\/cathyzimmermann.com\/en\/2019\/04\/19\/moderation-des-ersten-varena-fruehlingsballs\/#article","isPartOf":{"@id":"https:\/\/cathyzimmermann.com\/en\/2019\/04\/19\/moderation-des-ersten-varena-fruehlingsballs\/"},"author":{"name":"Cathy Zimmerman","@id":"https:\/\/cathyzimmermann.com\/#\/schema\/person\/5a14243f644f81657363591d95071610"},"headline":"Moderation des ersten VARENA Fr\u00fchlingsballs","datePublished":"2019-04-19T16:32:25+00:00","dateModified":"2022-05-24T23:15:57+00:00","mainEntityOfPage":{"@id":"https:\/\/cathyzimmermann.com\/en\/2019\/04\/19\/moderation-des-ersten-varena-fruehlingsballs\/"},"wordCount":158,"commentCount":0,"publisher":{"@id":"https:\/\/cathyzimmermann.com\/#\/schema\/person\/5a14243f644f81657363591d95071610"},"keywords":["Anna Etter","Cathy Zimmermann","Dancing Stars","Eberhard Forcher","Herbert Pichler","Moderation","ORF Stars","Tanzen","Thomas Rabitsch","Varena","Varena Fr\u00fchlingsball","V\u00f6cklabruck"],"articleSection":["Allgemein"],"inLanguage":"en-US","potentialAction":[{"@type":"CommentAction","name":"Comment","target":["https:\/\/cathyzimmermann.com\/en\/2019\/04\/19\/moderation-des-ersten-varena-fruehlingsballs\/#respond"]}]},{"@type":"WebPage","@id":"https:\/\/cathyzimmermann.com\/en\/2019\/04\/19\/moderation-des-ersten-varena-fruehlingsballs\/","url":"https:\/\/cathyzimmermann.com\/en\/2019\/04\/19\/moderation-des-ersten-varena-fruehlingsballs\/","name":"Moderation des ersten VARENA Fr\u00fchlingsballs - Cathy Zimmermann","isPartOf":{"@id":"https:\/\/cathyzimmermann.com\/#website"},"datePublished":"2019-04-19T16:32:25+00:00","dateModified":"2022-05-24T23:15:57+00:00","breadcrumb":{"@id":"https:\/\/cathyzimmermann.com\/en\/2019\/04\/19\/moderation-des-ersten-varena-fruehlingsballs\/#breadcrumb"},"inLanguage":"en-US","potentialAction":[{"@type":"ReadAction","target":["https:\/\/cathyzimmermann.com\/en\/2019\/04\/19\/moderation-des-ersten-varena-fruehlingsballs\/"]}]},{"@type":"BreadcrumbList","@id":"https:\/\/cathyzimmermann.com\/en\/2019\/04\/19\/moderation-des-ersten-varena-fruehlingsballs\/#breadcrumb","itemListElement":[{"@type":"ListItem","position":1,"name":"Startseite","item":"https:\/\/cathyzimmermann.com\/"},{"@type":"ListItem","position":2,"name":"Moderation des ersten VARENA Fr\u00fchlingsballs"}]},{"@type":"WebSite","@id":"https:\/\/cathyzimmermann.com\/#website","url":"https:\/\/cathyzimmermann.com\/","name":"Cathy Zimmermann","description":"","publisher":{"@id":"https:\/\/cathyzimmermann.com\/#\/schema\/person\/5a14243f644f81657363591d95071610"},"potentialAction":[{"@type":"SearchAction","target":{"@type":"EntryPoint","urlTemplate":"https:\/\/cathyzimmermann.com\/?s={search_term_string}"},"query-input":"required name=search_term_string"}],"inLanguage":"en-US"},{"@type":["Person","Organization"],"@id":"https:\/\/cathyzimmermann.com\/#\/schema\/person\/5a14243f644f81657363591d95071610","name":"Cathy Zimmerman","image":{"@type":"ImageObject","inLanguage":"en-US","@id":"https:\/\/cathyzimmermann.com\/#\/schema\/person\/image\/","url":"http:\/\/cathyzimmermann.com\/wp-content\/uploads\/2022\/05\/cropped-CZ-15.png","contentUrl":"http:\/\/cathyzimmermann.com\/wp-content\/uploads\/2022\/05\/cropped-CZ-15.png","width":512,"height":512,"caption":"Cathy Zimmerman"},"logo":{"@id":"https:\/\/cathyzimmermann.com\/#\/schema\/person\/image\/"},"sameAs":["https:\/\/www.instagram.com\/cathy_zimmermann\/","https:\/\/www.linkedin.com\/in\/cathy-zimmermann\/"],"url":"https:\/\/cathyzimmermann.com\/en\/author\/cathy\/"}]}},"_links":{"self":[{"href":"https:\/\/cathyzimmermann.com\/en\/wp-json\/wp\/v2\/posts\/5027","targetHints":{"allow":["GET"]}}],"collection":[{"href":"https:\/\/cathyzimmermann.com\/en\/wp-json\/wp\/v2\/posts"}],"about":[{"href":"https:\/\/cathyzimmermann.com\/en\/wp-json\/wp\/v2\/types\/post"}],"author":[{"embeddable":true,"href":"https:\/\/cathyzimmermann.com\/en\/wp-json\/wp\/v2\/users\/2"}],"replies":[{"embeddable":true,"href":"https:\/\/cathyzimmermann.com\/en\/wp-json\/wp\/v2\/comments?post=5027"}],"version-history":[{"count":1,"href":"https:\/\/cathyzimmermann.com\/en\/wp-json\/wp\/v2\/posts\/5027\/revisions"}],"predecessor-version":[{"id":7037,"href":"https:\/\/cathyzimmermann.com\/en\/wp-json\/wp\/v2\/posts\/5027\/revisions\/7037"}],"wp:featuredmedia":[{"embeddable":true,"href":"https:\/\/cathyzimmermann.com\/en\/wp-json\/wp\/v2\/media\/8063"}],"wp:attachment":[{"href":"https:\/\/cathyzimmermann.com\/en\/wp-json\/wp\/v2\/media?parent=5027"}],"wp:term":[{"taxonomy":"category","embeddable":true,"href":"https:\/\/cathyzimmermann.com\/en\/wp-json\/wp\/v2\/categories?post=5027"},{"taxonomy":"post_tag","embeddable":true,"href":"https:\/\/cathyzimmermann.com\/en\/wp-json\/wp\/v2\/tags?post=5027"}],"curies":[{"name":"wp","href":"https:\/\/api.w.org\/{rel}","templated":true}]}}